{"id":2318,"date":"2022-03-31T17:14:56","date_gmt":"2022-03-31T17:14:56","guid":{"rendered":"https:\/\/ofei.esepf.pt\/?p=2318"},"modified":"2022-04-11T15:34:02","modified_gmt":"2022-04-11T15:34:02","slug":"i3%e2%80%af-intervencao-interacao-e%e2%80%af-infancia","status":"publish","type":"post","link":"https:\/\/ofei.esepf.pt\/?p=2318","title":{"rendered":"I3\u202f- Interven\u00e7\u00e3o, Intera\u00e7\u00e3o e\u202f Inf\u00e2ncia"},"content":{"rendered":"\n<div class=\"ghostkit-grid ghostkit-grid-gap-md\"><div class=\"ghostkit-grid-inner\">\n<div class=\"ghostkit-col ghostkit-col-md-12 ghostkit-col-6\"><div class=\"ghostkit-col-content\">\n<div class=\"wp-block-image\"><figure class=\"aligncenter size-large is-resized\"><img decoding=\"async\" loading=\"lazy\" src=\"https:\/\/ofei.esepf.pt\/wp-content\/uploads\/2020\/10\/Captura-de-ecr\u00e3-2020-10-19-\u00e0s-10.55.14.png\" alt=\"\" class=\"wp-image-410\" width=\"375\" height=\"528\"\/><\/figure><\/div>\n\n\n\n<div class=\"is-layout-flex wp-block-buttons aligncenter\">\n<div class=\"wp-block-button\"><a class=\"wp-block-button__link\" href=\"http:\/\/repositorio.esepf.pt\/handle\/20.500.11796\/2928\" target=\"_blank\" rel=\"noreferrer noopener\">Descarregar \/ Download<\/a><\/div>\n<\/div>\n<\/div><\/div>\n\n\n\n<div class=\"ghostkit-col ghostkit-col-md-12 ghostkit-col-6\"><div class=\"ghostkit-col-content\">\n<h4>I3\u202f- Interven\u00e7\u00e3o, Intera\u00e7\u00e3o e \u202fInf\u00e2ncia<\/h4>\n\n\n\n<p><strong>Autores\/Authors:<\/strong>\u00a0Paula Pequito, Ana Pinheiro, Brigite Silva e Ana In\u00eas Santos<\/p>\n\n\n\n<p><strong>Editor\/Publisher:\u00a0<\/strong>ESEPF\/OFEI<\/p>\n\n\n\n<p><strong>Ano\/Year:\u00a0<\/strong>2020<\/p>\n\n\n\n<p><strong>Idioma\/Language:<\/strong>\u00a0Portugu\u00eas\/Portuguese<\/p>\n\n\n\n<p><strong>P\u00e1ginas\/Pages:<\/strong>\u00a044<\/p>\n\n\n\n<p><strong>ISBN:\u00a0<\/strong>978-989-54506-6-4<\/p>\n\n\n\n<p><strong>Identificador\/Identifier:\u00a0<\/strong><a href=\"http:\/\/hdl.handle.net\/20.500.11796\/2928\">http:\/\/hdl.handle.net\/20.500.11796\/2928<\/a><\/p>\n\n\n\n<p><strong>Resumo:&nbsp;<\/strong>Relat\u00f3rio do OFEI sobre a Educa\u00e7\u00e3o de Inf\u00e2ncia em Portugal no per\u00edodo de confinamento no \u00e2mbito da pandemia Covid-19<\/p>\n\n\n\n<blockquote class=\"wp-block-quote is-style-default\"><p>\u201cO meio mais utilizado pelos profissionais para a intera\u00e7\u00e3ocom crian\u00e7as e fam\u00edlia \u00e9 o email, sendo utilizado por 61,7% dos inquiridos\u201d (p. 18)<\/p><p>\u201cSalienta-se, assim, a necessidade de se investir em equipamentos, mas acima de tudo numa pol\u00edtica institucional de cria\u00e7\u00e3o de procedimentos e estruturas que permitam um prolongamento flex\u00edvel do espa\u00e7o sala construindo novas formas complementares de interven\u00e7\u00e3o educativa\u201d (p. 31)<\/p><p>\u201cParece haver urg\u00eancia no desenvolvimento de processos participados que apetrechem os educadores com compet\u00eancias que lhes permitam refletir nas suas novas pr\u00e1ticas educativas.\u201d (p. 34)<\/p><\/blockquote>\n\n\n\n<p><strong>Abstract:\u00a0<\/strong>OFEI report on Early Childhood Education in Portugal in the period of confinement during Covid-19 pandemic<\/p>\n\n\n\n<blockquote class=\"wp-block-quote is-style-default\"><p>\u201cMost used way by professionals to interact with children and families is email, being used by 61.7% of respondents\u201d (p. 18)<\/p><p>\u201cWe emphasize the need to invest in equipment, but above all in an institutional policy to create procedures and structures that allow a flexible extension of the classroom space, building new complementary forms of educational intervention\u201d (p. 31)<\/p><p>\u201cThere seems to be an urgency in the development of participatory processes that provide educators with skills that allow them to reflect on their new educational practices.\u201d (p. 34)<\/p><\/blockquote>\n<\/div><\/div>\n<\/div><\/div>\n","protected":false},"excerpt":{"rendered":"<p>ESEPF\/OFEI \u2013 2020<\/p>\n","protected":false},"author":1,"featured_media":410,"comment_status":"closed","ping_status":"closed","sticky":false,"template":"","format":"standard","meta":{"_uag_custom_page_level_css":"","ghostkit_customizer_options":"","ghostkit_custom_css":"","ghostkit_custom_js_head":"","ghostkit_custom_js_foot":"","ghostkit_typography":"","cybocfi_hide_featured_image":"yes"},"categories":[67],"tags":[],"uagb_featured_image_src":{"full":["https:\/\/ofei.esepf.pt\/wp-content\/uploads\/2020\/10\/Captura-de-ecr\u00e3-2020-10-19-\u00e0s-10.55.14.png",619,874,false],"thumbnail":["https:\/\/ofei.esepf.pt\/wp-content\/uploads\/2020\/10\/Captura-de-ecr\u00e3-2020-10-19-\u00e0s-10.55.14-150x150.png",150,150,true],"medium":["https:\/\/ofei.esepf.pt\/wp-content\/uploads\/2020\/10\/Captura-de-ecr\u00e3-2020-10-19-\u00e0s-10.55.14-212x300.png",212,300,true],"medium_large":["https:\/\/ofei.esepf.pt\/wp-content\/uploads\/2020\/10\/Captura-de-ecr\u00e3-2020-10-19-\u00e0s-10.55.14.png",619,874,false],"large":["https:\/\/ofei.esepf.pt\/wp-content\/uploads\/2020\/10\/Captura-de-ecr\u00e3-2020-10-19-\u00e0s-10.55.14.png",619,874,false],"thumblist":["https:\/\/ofei.esepf.pt\/wp-content\/uploads\/2020\/10\/Captura-de-ecr\u00e3-2020-10-19-\u00e0s-10.55.14-300x300.png",300,300,true],"meccarouselthumb":["https:\/\/ofei.esepf.pt\/wp-content\/uploads\/2020\/10\/Captura-de-ecr\u00e3-2020-10-19-\u00e0s-10.55.14-474x324.png",474,324,true],"gridsquare":["https:\/\/ofei.esepf.pt\/wp-content\/uploads\/2020\/10\/Captura-de-ecr\u00e3-2020-10-19-\u00e0s-10.55.14-391x260.png",391,260,true],"tileview":["https:\/\/ofei.esepf.pt\/wp-content\/uploads\/2020\/10\/Captura-de-ecr\u00e3-2020-10-19-\u00e0s-10.55.14-300x400.png",300,400,true],"1536x1536":["https:\/\/ofei.esepf.pt\/wp-content\/uploads\/2020\/10\/Captura-de-ecr\u00e3-2020-10-19-\u00e0s-10.55.14.png",619,874,false],"2048x2048":["https:\/\/ofei.esepf.pt\/wp-content\/uploads\/2020\/10\/Captura-de-ecr\u00e3-2020-10-19-\u00e0s-10.55.14.png",619,874,false]},"uagb_author_info":{"display_name":"SGRI","author_link":"https:\/\/ofei.esepf.pt\/?author=1"},"uagb_comment_info":0,"uagb_excerpt":"ESEPF\/OFEI \u2013 2020","_links":{"self":[{"href":"https:\/\/ofei.esepf.pt\/index.php?rest_route=\/wp\/v2\/posts\/2318"}],"collection":[{"href":"https:\/\/ofei.esepf.pt\/index.php?rest_route=\/wp\/v2\/posts"}],"about":[{"href":"https:\/\/ofei.esepf.pt\/index.php?rest_route=\/wp\/v2\/types\/post"}],"author":[{"embeddable":true,"href":"https:\/\/ofei.esepf.pt\/index.php?rest_route=\/wp\/v2\/users\/1"}],"replies":[{"embeddable":true,"href":"https:\/\/ofei.esepf.pt\/index.php?rest_route=%2Fwp%2Fv2%2Fcomments&post=2318"}],"version-history":[{"count":9,"href":"https:\/\/ofei.esepf.pt\/index.php?rest_route=\/wp\/v2\/posts\/2318\/revisions"}],"predecessor-version":[{"id":2436,"href":"https:\/\/ofei.esepf.pt\/index.php?rest_route=\/wp\/v2\/posts\/2318\/revisions\/2436"}],"wp:featuredmedia":[{"embeddable":true,"href":"https:\/\/ofei.esepf.pt\/index.php?rest_route=\/wp\/v2\/media\/410"}],"wp:attachment":[{"href":"https:\/\/ofei.esepf.pt\/index.php?rest_route=%2Fwp%2Fv2%2Fmedia&parent=2318"}],"wp:term":[{"taxonomy":"category","embeddable":true,"href":"https:\/\/ofei.esepf.pt\/index.php?rest_route=%2Fwp%2Fv2%2Fcategories&post=2318"},{"taxonomy":"post_tag","embeddable":true,"href":"https:\/\/ofei.esepf.pt\/index.php?rest_route=%2Fwp%2Fv2%2Ftags&post=2318"}],"curies":[{"name":"wp","href":"https:\/\/api.w.org\/{rel}","templated":true}]}}