{"id":2376,"date":"2022-04-04T11:24:21","date_gmt":"2022-04-04T11:24:21","guid":{"rendered":"https:\/\/ofei.esepf.pt\/?p=2376"},"modified":"2022-04-11T16:42:28","modified_gmt":"2022-04-11T16:42:28","slug":"cadernos-de-estudo-no-4-ensino-basico-1o-ciclo","status":"publish","type":"post","link":"https:\/\/ofei.esepf.pt\/?p=2376","title":{"rendered":"Cadernos de Estudo n\u00ba 4 &#8211; Ensino B\u00e1sico (1\u00ba Ciclo)"},"content":{"rendered":"\n<div class=\"ghostkit-grid ghostkit-grid-gap-md\"><div class=\"ghostkit-grid-inner\">\n<div class=\"ghostkit-col ghostkit-col-md-12 ghostkit-col-6\"><div class=\"ghostkit-col-content\">\n<div class=\"wp-block-image\"><figure class=\"aligncenter size-large is-resized\"><img decoding=\"async\" loading=\"lazy\" src=\"https:\/\/ofei.esepf.pt\/wp-content\/uploads\/2022\/04\/cadernos_estudo_4_capa.jpg\" alt=\"\" class=\"wp-image-2377\" width=\"307\" height=\"439\" srcset=\"https:\/\/ofei.esepf.pt\/wp-content\/uploads\/2022\/04\/cadernos_estudo_4_capa.jpg 529w, https:\/\/ofei.esepf.pt\/wp-content\/uploads\/2022\/04\/cadernos_estudo_4_capa-210x300.jpg 210w\" sizes=\"(max-width: 307px) 100vw, 307px\" \/><\/figure><\/div>\n\n\n\n<div class=\"is-layout-flex wp-block-buttons aligncenter\">\n<div class=\"wp-block-button\"><a class=\"wp-block-button__link\" href=\"http:\/\/repositorio.esepf.pt\/handle\/20.500.11796\/45\" target=\"_blank\" rel=\"noreferrer noopener\">Descarregar \/ Download<\/a><\/div>\n<\/div>\n\n\n\n<hr class=\"wp-block-separator\"\/>\n\n\n\n<p style=\"font-size:14px\"><strong><strong>Se pretende adquirir esta publica\u00e7\u00e3o em vers\u00e3o papel, por favor contacte-nos &#8211; <a href=\"mailto:ofei@esepf.pt; tesouraria@esepf.pt\">envie E-MAIL<\/a><\/strong><\/strong><br><span class=\"has-inline-color has-cyan-bluish-gray-color\">Adquirir presencialmente na ESE de Paula Frassinetti:\u00a0<strong>5\u20ac<\/strong><br>Envio pelo correio:\u00a0<strong>10\u20ac\u00a0<\/strong> (portes inclu\u00eddos \u2013 Portugal)<\/span><br><span class=\"has-inline-color has-cyan-bluish-gray-color\">Se vive no estrangeiro por favor contacte-nos para saber o valor dos portes<\/span><\/p>\n\n\n\n<hr class=\"wp-block-separator\"\/>\n\n\n\n<p style=\"font-size:14px\"><strong><strong><strong><strong>If you wish to purchase this publication in paper version, please contact us &#8211; <a href=\"mailto:ofei@esepf.pt; tesouraria@esepf.pt\">send E-MAIL<\/a><\/strong><\/strong><\/strong><\/strong><br><span class=\"has-inline-color has-cyan-bluish-gray-color\">Purchase in person at High School of Education Paula Frassinetti:<\/span> <span class=\"has-inline-color has-cyan-bluish-gray-color\"><strong>5\u20ac<\/strong><br>Shipping by mail:\u00a0<strong>10\u20ac<\/strong> (postage included \u2013 Portugal)<br>If you live abroad, please contact us to know shipping cost.<\/span><\/p>\n<\/div><\/div>\n\n\n\n<div class=\"ghostkit-col ghostkit-col-md-12 ghostkit-col-6\"><div class=\"ghostkit-col-content\">\n<h4><strong><strong>Cadernos de Estudo n\u00ba 4 \u2013 Ensino B\u00e1sico (1\u00ba Ciclo<\/strong><\/strong>)<\/h4>\n\n\n\n<p><strong>Coordenadores\/Editors:<\/strong>\u00a0Helena Serra, Daniela Gon\u00e7alves e Isabel Cl\u00e1udia Nogueira<\/p>\n\n\n\n<p><strong>Editor\/Publisher:<\/strong>\u00a0ESEPF [vers\u00e3o eletr\u00f3nica e vers\u00e3o impressa]<\/p>\n\n\n\n<p><strong>Ano\/Year:\u00a0<\/strong>2006<\/p>\n\n\n\n<p><strong>Idioma\/Language:<\/strong>\u00a0Portugu\u00eas\/Portuguese<\/p>\n\n\n\n<p><strong>P\u00e1ginas\/ Pages:<\/strong>\u00a0123<\/p>\n\n\n\n<p><strong>ISSN:<\/strong>\u00a01645-9377<\/p>\n\n\n\n<p><strong>Identificador\/Identifier:\u00a0<\/strong><a href=\"http:\/\/repositorio.esepf.pt\/handle\/20.500.11796\/45\">http:\/\/repositorio.esepf.pt\/handle\/20.500.11796\/45<\/a><\/p>\n\n\n\n<p><strong>Resumo:&nbsp;<\/strong>\u201cEm tempos de defini\u00e7\u00e3o de novos rumos para a educa\u00e7\u00e3o e portanto de (re) constru\u00e7\u00e3o da escola, surge este n\u00ba 4 dos Cadernos de Estudo, da responsabilidade do Centro de Investiga\u00e7\u00e3o de Paula Frassinetti. Pela import\u00e2ncia que se reveste no percurso educativo de cada indiv\u00edduo e tamb\u00e9m pelos dilemas com que se confronta nos nossos dias, definiu-se como tem\u00e1tica central para este n\u00famero o 1\u00ba Ciclo do Ensino B\u00e1sico. Na sequ\u00eancia da linha editorial dos Cadernos de Estudo anteriores, a colect\u00e2nea que aqui se apresenta re\u00fane um vasto leque de contributos de investiga\u00e7\u00e3o e\/ou de reflex\u00e3o que, pela sua actualidade e pertin\u00eancia, se poder\u00e1 revelar bastante \u00fatil na compreens\u00e3o de contextos e pr\u00e1ticas educativas neste ciclo de ensino.\u201d (In Editorial)<strong><\/strong><\/p>\n\n\n\n<p><a href=\"https:\/\/ofei.esepf.pt\/wp-content\/uploads\/2022\/04\/cadernos_estudo_4_indice.pdf\" target=\"_blank\" rel=\"noreferrer noopener\">Consulte o \u00edndice<\/a><\/p>\n\n\n\n<p><strong>Abstract:\u00a0<\/strong>\u201cIn times of defining new directions for education and therefore of (re)building the school, this number 4 of the Study Notebooks appears, under the responsibility of the Paula Frassinetti Research Centre. Due to the importance of everyone\u2019s educational path and also due to the dilemmas faced nowadays, Primary Education was defined as the central theme for this issue. Following the editorial line of the previous\u00a0<em>Caderno de Estudos<\/em>, the collection presented here brings together a wide range of research and\/or reflection contributions that, due to their timeliness and relevance, could prove to be quite useful in understanding educational contexts and practices in this teaching cycle.\u201d\u00a0(In Editorial)<\/p>\n\n\n\n<p><a rel=\"noreferrer noopener\" href=\"https:\/\/ofei.esepf.pt\/wp-content\/uploads\/2022\/04\/cadernos_estudo_4_indice.pdf\" target=\"_blank\">Table of Contents<\/a><\/p>\n<\/div><\/div>\n<\/div><\/div>\n","protected":false},"excerpt":{"rendered":"<p>ESEPF \u2013 2006<\/p>\n","protected":false},"author":1,"featured_media":2377,"comment_status":"closed","ping_status":"closed","sticky":false,"template":"","format":"standard","meta":{"_uag_custom_page_level_css":"","ghostkit_customizer_options":"","ghostkit_custom_css":"","ghostkit_custom_js_head":"","ghostkit_custom_js_foot":"","ghostkit_typography":"","cybocfi_hide_featured_image":"yes"},"categories":[67],"tags":[],"uagb_featured_image_src":{"full":["https:\/\/ofei.esepf.pt\/wp-content\/uploads\/2022\/04\/cadernos_estudo_4_capa.jpg",529,756,false],"thumbnail":["https:\/\/ofei.esepf.pt\/wp-content\/uploads\/2022\/04\/cadernos_estudo_4_capa-150x150.jpg",150,150,true],"medium":["https:\/\/ofei.esepf.pt\/wp-content\/uploads\/2022\/04\/cadernos_estudo_4_capa-210x300.jpg",210,300,true],"medium_large":["https:\/\/ofei.esepf.pt\/wp-content\/uploads\/2022\/04\/cadernos_estudo_4_capa.jpg",529,756,false],"large":["https:\/\/ofei.esepf.pt\/wp-content\/uploads\/2022\/04\/cadernos_estudo_4_capa.jpg",529,756,false],"thumblist":["https:\/\/ofei.esepf.pt\/wp-content\/uploads\/2022\/04\/cadernos_estudo_4_capa-300x300.jpg",300,300,true],"meccarouselthumb":["https:\/\/ofei.esepf.pt\/wp-content\/uploads\/2022\/04\/cadernos_estudo_4_capa-474x324.jpg",474,324,true],"gridsquare":["https:\/\/ofei.esepf.pt\/wp-content\/uploads\/2022\/04\/cadernos_estudo_4_capa-391x260.jpg",391,260,true],"tileview":["https:\/\/ofei.esepf.pt\/wp-content\/uploads\/2022\/04\/cadernos_estudo_4_capa-300x400.jpg",300,400,true],"1536x1536":["https:\/\/ofei.esepf.pt\/wp-content\/uploads\/2022\/04\/cadernos_estudo_4_capa.jpg",529,756,false],"2048x2048":["https:\/\/ofei.esepf.pt\/wp-content\/uploads\/2022\/04\/cadernos_estudo_4_capa.jpg",529,756,false]},"uagb_author_info":{"display_name":"SGRI","author_link":"https:\/\/ofei.esepf.pt\/?author=1"},"uagb_comment_info":0,"uagb_excerpt":"ESEPF \u2013 2006","_links":{"self":[{"href":"https:\/\/ofei.esepf.pt\/index.php?rest_route=\/wp\/v2\/posts\/2376"}],"collection":[{"href":"https:\/\/ofei.esepf.pt\/index.php?rest_route=\/wp\/v2\/posts"}],"about":[{"href":"https:\/\/ofei.esepf.pt\/index.php?rest_route=\/wp\/v2\/types\/post"}],"author":[{"embeddable":true,"href":"https:\/\/ofei.esepf.pt\/index.php?rest_route=\/wp\/v2\/users\/1"}],"replies":[{"embeddable":true,"href":"https:\/\/ofei.esepf.pt\/index.php?rest_route=%2Fwp%2Fv2%2Fcomments&post=2376"}],"version-history":[{"count":4,"href":"https:\/\/ofei.esepf.pt\/index.php?rest_route=\/wp\/v2\/posts\/2376\/revisions"}],"predecessor-version":[{"id":2454,"href":"https:\/\/ofei.esepf.pt\/index.php?rest_route=\/wp\/v2\/posts\/2376\/revisions\/2454"}],"wp:featuredmedia":[{"embeddable":true,"href":"https:\/\/ofei.esepf.pt\/index.php?rest_route=\/wp\/v2\/media\/2377"}],"wp:attachment":[{"href":"https:\/\/ofei.esepf.pt\/index.php?rest_route=%2Fwp%2Fv2%2Fmedia&parent=2376"}],"wp:term":[{"taxonomy":"category","embeddable":true,"href":"https:\/\/ofei.esepf.pt\/index.php?rest_route=%2Fwp%2Fv2%2Fcategories&post=2376"},{"taxonomy":"post_tag","embeddable":true,"href":"https:\/\/ofei.esepf.pt\/index.php?rest_route=%2Fwp%2Fv2%2Ftags&post=2376"}],"curies":[{"name":"wp","href":"https:\/\/api.w.org\/{rel}","templated":true}]}}