{"id":2385,"date":"2022-04-04T11:34:51","date_gmt":"2022-04-04T11:34:51","guid":{"rendered":"https:\/\/ofei.esepf.pt\/?p=2385"},"modified":"2022-06-13T17:14:35","modified_gmt":"2022-06-13T17:14:35","slug":"cadernos-de-estudo-no-6-educacao-de-infancia","status":"publish","type":"post","link":"https:\/\/ofei.esepf.pt\/?p=2385","title":{"rendered":"Cadernos de Estudo n\u00ba 6 &#8211; Educa\u00e7\u00e3o de Inf\u00e2ncia"},"content":{"rendered":"\n<div class=\"ghostkit-grid ghostkit-grid-gap-md\"><div class=\"ghostkit-grid-inner\">\n<div class=\"ghostkit-col ghostkit-col-md-12 ghostkit-col-6\"><div class=\"ghostkit-col-content\">\n<div class=\"wp-block-image\"><figure class=\"aligncenter size-large is-resized\"><img decoding=\"async\" loading=\"lazy\" src=\"https:\/\/ofei.esepf.pt\/wp-content\/uploads\/2022\/04\/cadernos_estudo_6_capa.jpg\" alt=\"\" class=\"wp-image-2386\" width=\"287\" height=\"406\" srcset=\"https:\/\/ofei.esepf.pt\/wp-content\/uploads\/2022\/04\/cadernos_estudo_6_capa.jpg 543w, https:\/\/ofei.esepf.pt\/wp-content\/uploads\/2022\/04\/cadernos_estudo_6_capa-212x300.jpg 212w\" sizes=\"(max-width: 287px) 100vw, 287px\" \/><\/figure><\/div>\n\n\n\n<div class=\"is-layout-flex wp-block-buttons aligncenter\">\n<div class=\"wp-block-button\"><a class=\"wp-block-button__link\" href=\"http:\/\/repositorio.esepf.pt\/handle\/20.500.11796\/47\" target=\"_blank\" rel=\"noreferrer noopener\">Descarregar \/ Download<\/a><\/div>\n<\/div>\n\n\n\n<hr class=\"wp-block-separator\"\/>\n\n\n\n<p style=\"font-size:14px\"><strong><strong>Se pretende adquirir esta publica\u00e7\u00e3o em vers\u00e3o papel, por favor contacte-nos &#8211; <a href=\"mailto:ofei@esepf.pt; tesouraria@esepf.pt\">envie E-MAIL<\/a><\/strong><\/strong><br><span class=\"has-inline-color has-cyan-bluish-gray-color\">Adquirir presencialmente na ESE de Paula Frassinetti:&nbsp;<strong>5\u20ac<\/strong><br>Envio pelo correio:&nbsp;<strong>10\u20ac&nbsp;<\/strong> (portes inclu\u00eddos \u2013 Portugal)<\/span><br><span class=\"has-inline-color has-cyan-bluish-gray-color\">Se vive no estrangeiro por favor contacte-nos para saber o valor dos portes<\/span><\/p>\n\n\n\n<hr class=\"wp-block-separator\"\/>\n\n\n\n<p style=\"font-size:14px\"><strong><strong><strong><strong>If you wish to purchase this publication in paper version, please contact us &#8211; <a href=\"mailto:ofei@esepf.pt; tesouraria@esepf.pt\">send E-MAIL<\/a><\/strong><\/strong><\/strong><\/strong><br><span class=\"has-inline-color has-cyan-bluish-gray-color\">Purchase in person at High School of Education Paula Frassinetti:<\/span> <span class=\"has-inline-color has-cyan-bluish-gray-color\"><strong>5\u20ac<\/strong><br>Shipping by mail:&nbsp;<strong>10\u20ac<\/strong> (postage included \u2013 Portugal)<br>If you live abroad, please contact us to know shipping cost.<\/span><\/p>\n<\/div><\/div>\n\n\n\n<div class=\"ghostkit-col ghostkit-col-md-12 ghostkit-col-6\"><div class=\"ghostkit-col-content\">\n<h4><strong>Cadernos de Estudo n\u00ba 6 &#8211; Educa\u00e7\u00e3o de Inf\u00e2ncia<\/strong><\/h4>\n\n\n\n<p><strong>Coordenadores\/Editors:<\/strong>&nbsp;Helena Serra, Daniela Gon\u00e7alves e Isabel Cl\u00e1udia Nogueira<\/p>\n\n\n\n<p><strong>Editor\/Publisher:<\/strong>&nbsp;ESEPF [vers\u00e3o eletr\u00f3nica e vers\u00e3o impressa]<\/p>\n\n\n\n<p><strong>Ano\/Year:&nbsp;<\/strong>2007<\/p>\n\n\n\n<p><strong>Idioma\/Language:<\/strong>&nbsp;Portugu\u00eas\/Portuguese<\/p>\n\n\n\n<p><strong>P\u00e1ginas\/Pages:<\/strong>&nbsp;143<\/p>\n\n\n\n<p><strong>ISSN:<\/strong>&nbsp;1645-9377<\/p>\n\n\n\n<p><strong>Identificador\/Identifier:&nbsp;<\/strong><a href=\"http:\/\/repositorio.esepf.pt\/handle\/20.500.11796\/47\">http:\/\/repositorio.esepf.pt\/handle\/20.500.11796\/47<\/a><\/p>\n\n\n\n<p><strong>Resumo:&nbsp;<\/strong>\u201cDe um modo geral, todos os trabalhos aqui reunidos procuram sublinhar a rela\u00e7\u00e3o entre educa\u00e7\u00e3o pr\u00e9-escolar e desenvolvimento sustentado das crian\u00e7as e dos cidad\u00e3os que rapidamente h\u00e3o-de ser, na linha, ali\u00e1s, da investiga\u00e7\u00e3o mais recente. De pendor mais reflexivo e conceptual, nuns casos, ou como demonstra\u00e7\u00e3o de boas pr\u00e1ticas, noutros, em que experi\u00eancias pedag\u00f3gicas de forma\u00e7\u00e3o-ac\u00e7\u00e3o estimulam a emerg\u00eancia de conhecimento aplic\u00e1vel, todos os textos se aproximam de uma vis\u00e3o de educa\u00e7\u00e3o, nestas faixas et\u00e1rias, cada vez mais complexa e fundamentada, suportada epistemol\u00f3gica e metodologicamente.\u201d (In Editorial)<\/p>\n\n\n\n<p><a href=\"https:\/\/ofei.esepf.pt\/wp-content\/uploads\/2022\/04\/cadernos_estudo_6_\u00edndice.pdf\" target=\"_blank\" rel=\"noreferrer noopener\">Consulte o \u00edndice<\/a><\/p>\n\n\n\n<p><strong>Abstract:&nbsp;<\/strong>\u201cIn general, all the work gathered here seek to underline the relationship between Early Childhood Education and the sustainable development of children and citizens, which will quickly become in line with the most recent research. With a more reflective and conceptual nature, in some cases, or as a demonstration of good practices, in others, in which pedagogical experiences of training-action stimulate the emergence of applicable knowledge, all texts approach a vision of education, in these age groups, each increasingly complex and grounded, epistemologically and methodologically supported.\u201d&nbsp;(In Editorial)<\/p>\n\n\n\n<p><a rel=\"noreferrer noopener\" href=\"https:\/\/ofei.esepf.pt\/wp-content\/uploads\/2022\/04\/cadernos_estudo_6_\u00edndice.pdf\" target=\"_blank\">Table of contents<\/a><\/p>\n<\/div><\/div>\n<\/div><\/div>\n","protected":false},"excerpt":{"rendered":"<p>ESEPF \u2013 2007<\/p>\n","protected":false},"author":1,"featured_media":2386,"comment_status":"closed","ping_status":"closed","sticky":false,"template":"","format":"standard","meta":{"_uag_custom_page_level_css":"","ghostkit_customizer_options":"","ghostkit_custom_css":"","ghostkit_custom_js_head":"","ghostkit_custom_js_foot":"","ghostkit_typography":"","cybocfi_hide_featured_image":"yes"},"categories":[67],"tags":[],"uagb_featured_image_src":{"full":["https:\/\/ofei.esepf.pt\/wp-content\/uploads\/2022\/04\/cadernos_estudo_6_capa.jpg",543,768,false],"thumbnail":["https:\/\/ofei.esepf.pt\/wp-content\/uploads\/2022\/04\/cadernos_estudo_6_capa-150x150.jpg",150,150,true],"medium":["https:\/\/ofei.esepf.pt\/wp-content\/uploads\/2022\/04\/cadernos_estudo_6_capa-212x300.jpg",212,300,true],"medium_large":["https:\/\/ofei.esepf.pt\/wp-content\/uploads\/2022\/04\/cadernos_estudo_6_capa.jpg",543,768,false],"large":["https:\/\/ofei.esepf.pt\/wp-content\/uploads\/2022\/04\/cadernos_estudo_6_capa.jpg",543,768,false],"thumblist":["https:\/\/ofei.esepf.pt\/wp-content\/uploads\/2022\/04\/cadernos_estudo_6_capa-300x300.jpg",300,300,true],"meccarouselthumb":["https:\/\/ofei.esepf.pt\/wp-content\/uploads\/2022\/04\/cadernos_estudo_6_capa-474x324.jpg",474,324,true],"gridsquare":["https:\/\/ofei.esepf.pt\/wp-content\/uploads\/2022\/04\/cadernos_estudo_6_capa-391x260.jpg",391,260,true],"tileview":["https:\/\/ofei.esepf.pt\/wp-content\/uploads\/2022\/04\/cadernos_estudo_6_capa-300x400.jpg",300,400,true],"1536x1536":["https:\/\/ofei.esepf.pt\/wp-content\/uploads\/2022\/04\/cadernos_estudo_6_capa.jpg",543,768,false],"2048x2048":["https:\/\/ofei.esepf.pt\/wp-content\/uploads\/2022\/04\/cadernos_estudo_6_capa.jpg",543,768,false]},"uagb_author_info":{"display_name":"SGRI","author_link":"https:\/\/ofei.esepf.pt\/?author=1"},"uagb_comment_info":0,"uagb_excerpt":"ESEPF \u2013 2007","_links":{"self":[{"href":"https:\/\/ofei.esepf.pt\/index.php?rest_route=\/wp\/v2\/posts\/2385"}],"collection":[{"href":"https:\/\/ofei.esepf.pt\/index.php?rest_route=\/wp\/v2\/posts"}],"about":[{"href":"https:\/\/ofei.esepf.pt\/index.php?rest_route=\/wp\/v2\/types\/post"}],"author":[{"embeddable":true,"href":"https:\/\/ofei.esepf.pt\/index.php?rest_route=\/wp\/v2\/users\/1"}],"replies":[{"embeddable":true,"href":"https:\/\/ofei.esepf.pt\/index.php?rest_route=%2Fwp%2Fv2%2Fcomments&post=2385"}],"version-history":[{"count":5,"href":"https:\/\/ofei.esepf.pt\/index.php?rest_route=\/wp\/v2\/posts\/2385\/revisions"}],"predecessor-version":[{"id":2509,"href":"https:\/\/ofei.esepf.pt\/index.php?rest_route=\/wp\/v2\/posts\/2385\/revisions\/2509"}],"wp:featuredmedia":[{"embeddable":true,"href":"https:\/\/ofei.esepf.pt\/index.php?rest_route=\/wp\/v2\/media\/2386"}],"wp:attachment":[{"href":"https:\/\/ofei.esepf.pt\/index.php?rest_route=%2Fwp%2Fv2%2Fmedia&parent=2385"}],"wp:term":[{"taxonomy":"category","embeddable":true,"href":"https:\/\/ofei.esepf.pt\/index.php?rest_route=%2Fwp%2Fv2%2Fcategories&post=2385"},{"taxonomy":"post_tag","embeddable":true,"href":"https:\/\/ofei.esepf.pt\/index.php?rest_route=%2Fwp%2Fv2%2Ftags&post=2385"}],"curies":[{"name":"wp","href":"https:\/\/api.w.org\/{rel}","templated":true}]}}