{"id":3751,"date":"2023-11-20T16:21:47","date_gmt":"2023-11-20T16:21:47","guid":{"rendered":"https:\/\/ofei.esepf.pt\/?p=3751"},"modified":"2024-03-06T12:01:04","modified_gmt":"2024-03-06T12:01:04","slug":"atas-do-ii-congresso-internacional-do-observatorio-para-o-futuro-da-educacao-de-infancia","status":"publish","type":"post","link":"https:\/\/ofei.esepf.pt\/?p=3751","title":{"rendered":"Atas do II Congresso Internacional do Observat\u00f3rio para o Futuro da Educa\u00e7\u00e3o de Inf\u00e2ncia"},"content":{"rendered":"\n<div class=\"ghostkit-grid ghostkit-grid-gap-md\"><div class=\"ghostkit-grid-inner\">\n<div class=\"ghostkit-col ghostkit-col-md-12 ghostkit-col-6\"><div class=\"ghostkit-col-content\"><div class=\"wp-block-image\">\n<figure class=\"aligncenter size-full is-resized\"><img decoding=\"async\" loading=\"lazy\" src=\"https:\/\/ofei.esepf.pt\/wp-content\/uploads\/2023\/11\/livro_ofei_mock-copia-edited.png\" alt=\"\" class=\"wp-image-3743\" width=\"376\" height=\"376\" srcset=\"https:\/\/ofei.esepf.pt\/wp-content\/uploads\/2023\/11\/livro_ofei_mock-copia-edited.png 450w, https:\/\/ofei.esepf.pt\/wp-content\/uploads\/2023\/11\/livro_ofei_mock-copia-edited-300x300.png 300w, https:\/\/ofei.esepf.pt\/wp-content\/uploads\/2023\/11\/livro_ofei_mock-copia-edited-150x150.png 150w\" sizes=\"(max-width: 376px) 100vw, 376px\" \/><\/figure><\/div>\n\n\n<div class=\"is-content-justification-center is-layout-flex wp-container-1 wp-block-buttons\">\n<div class=\"wp-block-button\"><a class=\"wp-block-button__link wp-element-button\" href=\"http:\/\/repositorio.esepf.pt\/handle\/20.500.11796\/3249\" target=\"_blank\" rel=\"noreferrer noopener\">Descarregar \/ Download<\/a><\/div>\n<\/div>\n<\/div><\/div>\n\n\n\n<div class=\"ghostkit-col ghostkit-col-md-12 ghostkit-col-6\"><div class=\"ghostkit-col-content\">\n<h4 id=\"atas-do-congresso-internacional-do-observatorio-para-o-futuro-da-educacao-de-infancia\">Atas do Congresso Internacional do Observat\u00f3rio para o Futuro da Educa\u00e7\u00e3o de Inf\u00e2ncia<\/h4>\n\n\n\n<p><strong>Organizadores\/Editors:<\/strong>&nbsp;Paula Pequito, Ana Lu\u00edsa Ferreira,&nbsp;Ana Pinheiro,&nbsp; Daniela Gon\u00e7alves, Daniela Assemany, Elvira Sanchez e Maria Jes\u00fas V\u00edton.<\/p>\n\n\n\n<p><strong>Editor\/Publisher:<\/strong>&nbsp;ESEPF\/OFEI<\/p>\n\n\n\n<p><strong>Ano\/Year:&nbsp;<\/strong>2023<\/p>\n\n\n\n<p><strong>Idioma\/Language:<\/strong>&nbsp;Portugu\u00eas\/Portuguese<\/p>\n\n\n\n<p><strong>P\u00e1ginas\/Pages:<\/strong>&nbsp;69<\/p>\n\n\n\n<p><strong>ISBN:&nbsp;<\/strong>978-989-53380-8-5<\/p>\n\n\n\n<p><strong>Identificador\/Identifier:&nbsp;<\/strong><a href=\"http:\/\/hdl.handle.net\/20.500.11796\/3024\"><strong><\/strong><\/a><strong><a href=\"http:\/\/hdl.handle.net\/20.500.11796\/3249\">http:\/\/hdl.handle.net\/20.500.11796\/3249<\/a><\/strong><\/p>\n\n\n\n<p><strong>Resumo:&nbsp;<\/strong>Os desafios que atualmente se colocam aos educadores\/as convocam-nos a desempenhar um exerc\u00edcio profissional docente que reclamam uma forma\u00e7\u00e3o global que envolva: uma vertente cient\u00edfica, de atualiza\u00e7\u00e3o ao n\u00edvel das \u00e1reas de saber, uma vertente pedag\u00f3gica, de aperfei\u00e7oamento de compet\u00eancias no dom\u00ednio das did\u00e1ticas inerentes aos diversos processos e metodologias de desenvolvimento\/ensino\/aprendizagem\/avalia\u00e7\u00e3o, uma vertente de forma\u00e7\u00e3o pessoal, de desenvolvimento e altera\u00e7\u00e3o de atitudes e cogni\u00e7\u00f5es, nomeadamente no que diz respeito aos aspetos relacionais e emocionais da intera\u00e7\u00e3o educativa e, por fim, uma vertente investigativa e de inova\u00e7\u00e3o, tomando como campo privilegiado de an\u00e1lise as situa\u00e7\u00f5es pedag\u00f3gicas vivenciadas pelos docentes. Em particular, este ano de 2023 \u2013 no II Congresso Internacional do OFEI \u2013 os\/as educadores\/as s\u00e3o convidados a refletir, a escrever e a divulgar teorias e pr\u00e1ticas educativas associadas \u00e0 Cultura e Educa\u00e7\u00e3o de Paz, \u00e0 Sustentabilidade (associada a fatores econ\u00f3micos, sociais e ambientais) e \u00e0 Inclus\u00e3o em Educa\u00e7\u00e3o de Inf\u00e2ncia.&nbsp;&nbsp;&nbsp;<\/p>\n\n\n\n<p><strong>Abstract:&nbsp;<\/strong>Currently educators face challenges to carry out a professional teaching role that requires comprehensive training involving: a scientific perspective, updating in terms of areas of knowledge, a pedagogical concern, improving skills in the field of didactics inherent to the various development\/teaching\/learning\/evaluation processes and methodologies, personal training, developing and changing attitudes and cognitions, particularly with regard to the relational and emotional aspects of educational interaction and, finally, an investigative and innovation view, taking the pedagogical situations experienced by teachers as the privileged field of analysis. This year 2023 &#8211; at the II OFEI International Conference &#8211; educators are invited to reflect on, write about and disseminate educational theories and practices associated with Culture and Peace Education, Sustainability (associated with economic, social, and environmental factors) and Inclusion in Early Childhood Education.&nbsp;&nbsp;&nbsp;&nbsp;<\/p>\n<\/div><\/div>\n<\/div><\/div>\n","protected":false},"excerpt":{"rendered":"","protected":false},"author":1,"featured_media":3743,"comment_status":"closed","ping_status":"closed","sticky":false,"template":"","format":"standard","meta":{"_uag_custom_page_level_css":"","ghostkit_customizer_options":"","ghostkit_custom_css":"","ghostkit_custom_js_head":"","ghostkit_custom_js_foot":"","ghostkit_typography":"","cybocfi_hide_featured_image":"yes"},"categories":[67],"tags":[],"uagb_featured_image_src":{"full":["https:\/\/ofei.esepf.pt\/wp-content\/uploads\/2023\/11\/livro_ofei_mock-copia-edited.png",450,450,false],"thumbnail":["https:\/\/ofei.esepf.pt\/wp-content\/uploads\/2023\/11\/livro_ofei_mock-copia-edited-150x150.png",150,150,true],"medium":["https:\/\/ofei.esepf.pt\/wp-content\/uploads\/2023\/11\/livro_ofei_mock-copia-edited-300x300.png",300,300,true],"medium_large":["https:\/\/ofei.esepf.pt\/wp-content\/uploads\/2023\/11\/livro_ofei_mock-copia-edited.png",450,450,false],"large":["https:\/\/ofei.esepf.pt\/wp-content\/uploads\/2023\/11\/livro_ofei_mock-copia-edited.png",450,450,false],"thumblist":["https:\/\/ofei.esepf.pt\/wp-content\/uploads\/2023\/11\/livro_ofei_mock-copia-edited-300x300.png",300,300,true],"meccarouselthumb":["https:\/\/ofei.esepf.pt\/wp-content\/uploads\/2023\/11\/livro_ofei_mock-copia-edited-450x324.png",450,324,true],"gridsquare":["https:\/\/ofei.esepf.pt\/wp-content\/uploads\/2023\/11\/livro_ofei_mock-copia-edited-391x260.png",391,260,true],"tileview":["https:\/\/ofei.esepf.pt\/wp-content\/uploads\/2023\/11\/livro_ofei_mock-copia-edited-300x400.png",300,400,true],"1536x1536":["https:\/\/ofei.esepf.pt\/wp-content\/uploads\/2023\/11\/livro_ofei_mock-copia-edited.png",450,450,false],"2048x2048":["https:\/\/ofei.esepf.pt\/wp-content\/uploads\/2023\/11\/livro_ofei_mock-copia-edited.png",450,450,false]},"uagb_author_info":{"display_name":"SGRI","author_link":"https:\/\/ofei.esepf.pt\/?author=1"},"uagb_comment_info":0,"uagb_excerpt":null,"_links":{"self":[{"href":"https:\/\/ofei.esepf.pt\/index.php?rest_route=\/wp\/v2\/posts\/3751"}],"collection":[{"href":"https:\/\/ofei.esepf.pt\/index.php?rest_route=\/wp\/v2\/posts"}],"about":[{"href":"https:\/\/ofei.esepf.pt\/index.php?rest_route=\/wp\/v2\/types\/post"}],"author":[{"embeddable":true,"href":"https:\/\/ofei.esepf.pt\/index.php?rest_route=\/wp\/v2\/users\/1"}],"replies":[{"embeddable":true,"href":"https:\/\/ofei.esepf.pt\/index.php?rest_route=%2Fwp%2Fv2%2Fcomments&post=3751"}],"version-history":[{"count":2,"href":"https:\/\/ofei.esepf.pt\/index.php?rest_route=\/wp\/v2\/posts\/3751\/revisions"}],"predecessor-version":[{"id":3753,"href":"https:\/\/ofei.esepf.pt\/index.php?rest_route=\/wp\/v2\/posts\/3751\/revisions\/3753"}],"wp:featuredmedia":[{"embeddable":true,"href":"https:\/\/ofei.esepf.pt\/index.php?rest_route=\/wp\/v2\/media\/3743"}],"wp:attachment":[{"href":"https:\/\/ofei.esepf.pt\/index.php?rest_route=%2Fwp%2Fv2%2Fmedia&parent=3751"}],"wp:term":[{"taxonomy":"category","embeddable":true,"href":"https:\/\/ofei.esepf.pt\/index.php?rest_route=%2Fwp%2Fv2%2Fcategories&post=3751"},{"taxonomy":"post_tag","embeddable":true,"href":"https:\/\/ofei.esepf.pt\/index.php?rest_route=%2Fwp%2Fv2%2Ftags&post=3751"}],"curies":[{"name":"wp","href":"https:\/\/api.w.org\/{rel}","templated":true}]}}