{"id":3798,"date":"2024-03-12T17:58:32","date_gmt":"2024-03-12T17:58:32","guid":{"rendered":"https:\/\/ofei.esepf.pt\/?p=3798"},"modified":"2024-03-18T11:52:47","modified_gmt":"2024-03-18T11:52:47","slug":"mbalele-mbalele-huree-desenvolvimento-da-primeira-infancia-inclusivo-em-mocambique","status":"publish","type":"post","link":"https:\/\/ofei.esepf.pt\/?p=3798","title":{"rendered":"<strong>Mbalel\u00e9-Mbalel\u00e9 Hure\u00e9- Desenvolvimento da Primeira Inf\u00e2ncia Inclusivo em Mo\u00e7ambique<\/strong>"},"content":{"rendered":"\n<p class=\"has-white-color has-cyan-bluish-gray-background-color has-text-color has-background\">Equipa da ESEPF: Ana Paula Gomes, Ana Pinheiro, Brigite Silva, Clara Craveiro e Sandra Faria<\/p>\n\n\n\n<p>Um projeto da&nbsp;<strong><a rel=\"noreferrer noopener\" href=\"http:\/\/www.fecongd.org\/\" target=\"_blank\">Funda\u00e7\u00e3o F\u00e9 e Coopera\u00e7\u00e3o<\/a><\/strong> que pretende \u201crefor\u00e7ar as compet\u00eancias de profissionais, pais\/encarregados de educa\u00e7\u00e3o e das comunidades associadas aos 5 dom\u00ednios de cuidados integrados de prote\u00e7\u00e3o da crian\u00e7a do Desenvolvimento da Primeira Inf\u00e2ncia (DPI) Inclusivo\u201d: sa\u00fade, nutri\u00e7\u00e3o, cuidados responsivos, aprendizagem precoce, seguran\u00e7a e prote\u00e7\u00e3o.<\/p>\n\n\n\n<p>A ESEPF\/OFEI integra o projeto dinamizando forma\u00e7\u00f5es nos 5 dom\u00ednios do Desenvolvimento da Primeira Inf\u00e2ncia e coorganizando o\u00a0<strong>Congresso Internacional de Desenvolvimento da Primeira Inf\u00e2ncia Inclusivo<\/strong><\/p>\n\n\n\n<p><a rel=\"noreferrer noopener\" href=\"https:\/\/ofei.esepf.pt\/wp-content\/uploads\/2023\/12\/Brochura-Mbalele-PDF_VF.pdf\" target=\"_blank\"><strong>Leia o folheto do projeto: Mbalel\u00e9-Mebalel\u00e9 Hure\u00e9<\/strong><\/a><\/p>\n\n\n\n<p>Mais informa\u00e7\u00e3o em:&nbsp;<a href=\"http:\/\/www.fecongd.org\/\">www.fecongd.org<\/a><\/p>\n\n\n\n<div class=\"ghostkit-button-wrapper ghostkit-button-wrapper-gap-md ghostkit-button-wrapper-align-left\"><div class=\"ghostkit-button-wrapper-inner\">\n<a class=\"ghostkit-button ghostkit-button-md\" href=\"https:\/\/apc.esepf.pt\/course\/view.php?id=53\" target=\"_blank\" rel=\"noreferrer noopener\"><span class=\"ghostkit-button-text\"><mark style=\"background-color:rgba(0, 0, 0, 0)\" class=\"has-inline-color has-white-color\"><strong>Forma\u00e7\u00f5es a Dist\u00e2ncia OFEI\/ESEPF<\/strong><\/mark><\/span><\/a>\n<\/div><\/div>\n\n\n\n<p><strong>Organiza\u00e7\u00e3o:<\/strong><\/p>\n\n\n\n<figure class=\"wp-block-image size-full is-resized\"><a href=\"www.fecongd.org\" target=\"_blank\" rel=\"noreferrer noopener\"><img decoding=\"async\" loading=\"lazy\" src=\"https:\/\/ofei.esepf.pt\/wp-content\/uploads\/2024\/03\/logoFEC_apenasFEC_3.png\" alt=\"\" class=\"wp-image-3820\" width=\"124\" height=\"90\"\/><\/a><\/figure>\n\n\n\n<div class=\"ghostkit-carousel\" data-effect=\"slide\" data-speed=\"0.2\" data-autoplay=\"3.9\" data-slides-per-view=\"5\" data-centered-slides=\"true\" data-loop=\"true\" data-free-scroll=\"false\" data-show-arrows=\"true\" data-show-bullets=\"true\" data-dynamic-bullets=\"true\" data-gap=\"9\"><div class=\"ghostkit-carousel-items\">\n<div class=\"ghostkit-carousel-slide\">\n<figure class=\"wp-block-image size-large is-resized\"><a href=\"https:\/\/esepf.pt\" target=\"_blank\" rel=\"noreferrer noopener\"><img decoding=\"async\" loading=\"lazy\" src=\"https:\/\/ofei.esepf.pt\/wp-content\/uploads\/2024\/03\/logo_fundo-claro-1-1024x228.png\" alt=\"\" class=\"wp-image-3822\" width=\"195\" height=\"43\" srcset=\"https:\/\/ofei.esepf.pt\/wp-content\/uploads\/2024\/03\/logo_fundo-claro-1-1024x228.png 1024w, https:\/\/ofei.esepf.pt\/wp-content\/uploads\/2024\/03\/logo_fundo-claro-1-300x67.png 300w, https:\/\/ofei.esepf.pt\/wp-content\/uploads\/2024\/03\/logo_fundo-claro-1-768x171.png 768w, https:\/\/ofei.esepf.pt\/wp-content\/uploads\/2024\/03\/logo_fundo-claro-1-1536x342.png 1536w, https:\/\/ofei.esepf.pt\/wp-content\/uploads\/2024\/03\/logo_fundo-claro-1-2048x456.png 2048w\" sizes=\"(max-width: 195px) 100vw, 195px\" \/><\/a><\/figure>\n<\/div>\n\n\n\n<div class=\"ghostkit-carousel-slide\">\n<figure class=\"wp-block-image size-large is-resized\"><img decoding=\"async\" loading=\"lazy\" src=\"https:\/\/ofei.esepf.pt\/wp-content\/uploads\/2024\/03\/logo_oficial_ofei-1024x192.png\" alt=\"\" class=\"wp-image-3821\" width=\"203\" height=\"38\" srcset=\"https:\/\/ofei.esepf.pt\/wp-content\/uploads\/2024\/03\/logo_oficial_ofei-1024x192.png 1024w, https:\/\/ofei.esepf.pt\/wp-content\/uploads\/2024\/03\/logo_oficial_ofei-300x56.png 300w, https:\/\/ofei.esepf.pt\/wp-content\/uploads\/2024\/03\/logo_oficial_ofei-768x144.png 768w, https:\/\/ofei.esepf.pt\/wp-content\/uploads\/2024\/03\/logo_oficial_ofei-1536x289.png 1536w, https:\/\/ofei.esepf.pt\/wp-content\/uploads\/2024\/03\/logo_oficial_ofei-2048x385.png 2048w\" sizes=\"(max-width: 203px) 100vw, 203px\" \/><\/figure>\n<\/div>\n\n\n\n<div class=\"ghostkit-carousel-slide\"><div class=\"wp-block-image\">\n<figure class=\"aligncenter size-full is-resized\"><a href=\"https:\/\/www.facebook.com\/p\/Associa\u00e7\u00e3o-Para-o-Desenvolvimento-Juvenil-KHANDLELO-100081972190074\/\" target=\"_blank\" rel=\"noreferrer noopener\"><img decoding=\"async\" loading=\"lazy\" src=\"https:\/\/ofei.esepf.pt\/wp-content\/uploads\/2024\/03\/Imagem1.jpg\" alt=\"\" class=\"wp-image-3810\" width=\"153\" height=\"81\"\/><\/a><\/figure><\/div><\/div>\n\n\n\n<div class=\"ghostkit-carousel-slide\"><div class=\"wp-block-image\">\n<figure class=\"aligncenter size-full is-resized\"><a href=\"https:\/\/umpequenogesto.org\" target=\"_blank\" rel=\"noreferrer noopener\"><img decoding=\"async\" loading=\"lazy\" src=\"https:\/\/ofei.esepf.pt\/wp-content\/uploads\/2024\/03\/Imagem1.png\" alt=\"\" class=\"wp-image-3811\" width=\"87\" height=\"142\" srcset=\"https:\/\/ofei.esepf.pt\/wp-content\/uploads\/2024\/03\/Imagem1.png 296w, https:\/\/ofei.esepf.pt\/wp-content\/uploads\/2024\/03\/Imagem1-184x300.png 184w\" sizes=\"(max-width: 87px) 100vw, 87px\" \/><\/a><\/figure><\/div><\/div>\n\n\n\n<div class=\"ghostkit-carousel-slide\"><div class=\"wp-block-image\">\n<figure class=\"aligncenter size-full is-resized\"><a href=\"https:\/\/rededpi.org.mz\" target=\"_blank\" rel=\"noreferrer noopener\"><img decoding=\"async\" loading=\"lazy\" src=\"https:\/\/ofei.esepf.pt\/wp-content\/uploads\/2024\/03\/Imagem5-2.png\" alt=\"\" class=\"wp-image-3816\" width=\"145\" height=\"39\"\/><\/a><\/figure><\/div><\/div>\n\n\n\n<div class=\"ghostkit-carousel-slide\"><div class=\"wp-block-image\">\n<figure class=\"aligncenter size-full is-resized\"><a href=\"https:\/\/www.up.ac.mz\" target=\"_blank\" rel=\"noreferrer noopener\"><img decoding=\"async\" loading=\"lazy\" src=\"https:\/\/ofei.esepf.pt\/wp-content\/uploads\/2024\/03\/Imagem3.png\" alt=\"\" class=\"wp-image-3812\" width=\"225\" height=\"44\"\/><\/a><\/figure><\/div><\/div>\n\n\n\n<div class=\"ghostkit-carousel-slide\"><div class=\"wp-block-image\">\n<figure class=\"aligncenter size-full is-resized\"><a href=\"https:\/\/uem.mz\" target=\"_blank\" rel=\"noreferrer noopener\"><img decoding=\"async\" loading=\"lazy\" src=\"https:\/\/ofei.esepf.pt\/wp-content\/uploads\/2024\/03\/Imagem4.png\" alt=\"\" class=\"wp-image-3813\" width=\"98\" height=\"137\"\/><\/a><\/figure><\/div><\/div>\n<\/div><div class=\"ghostkit-carousel-arrow-prev-icon\"><svg class=\"ghostkit-svg-icon\" width=\"24\" height=\"24\" viewBox=\"0 0 24 24\" fill=\"none\" xmlns=\"http:\/\/www.w3.org\/2000\/svg\"><path fill-rule=\"evenodd\" clip-rule=\"evenodd\" d=\"M14.7803 17.7803C14.4874 18.0732 14.0126 18.0732 13.7197 17.7803L8.4697 12.5303C8.1768 12.2374 8.1768 11.7626 8.4697 11.4697L13.7197 6.21967C14.0126 5.92678 14.4874 5.92678 14.7803 6.21967C15.0732 6.51256 15.0732 6.98744 14.7803 7.28033L10.0607 12L14.7803 16.7197C15.0732 17.0126 15.0732 17.4874 14.7803 17.7803Z\" fill=\"currentColor\"\/><\/svg><\/div><div class=\"ghostkit-carousel-arrow-next-icon\"><svg class=\"ghostkit-svg-icon\" width=\"24\" height=\"24\" viewBox=\"0 0 24 24\" fill=\"none\" xmlns=\"http:\/\/www.w3.org\/2000\/svg\"><path fill-rule=\"evenodd\" clip-rule=\"evenodd\" d=\"M9.21967 6.2197C9.51256 5.9268 9.98744 5.9268 10.2803 6.2197L15.5303 11.4697C15.8232 11.7626 15.8232 12.2374 15.5303 12.5303L10.2803 17.7803C9.98744 18.0732 9.51256 18.0732 9.21967 17.7803C8.92678 17.4874 8.92678 17.0126 9.21967 16.7197L13.9393 12L9.21967 7.2803C8.92678 6.9874 8.92678 6.5126 9.21967 6.2197Z\" fill=\"currentColor\"\/><\/svg><\/div><\/div>\n\n\n\n<p><strong>Financiador:<\/strong><\/p>\n\n\n\n<figure class=\"wp-block-image size-full is-resized\"><a href=\"https:\/\/www.instituto-camoes.pt\" target=\"_blank\" rel=\"noreferrer noopener\"><img decoding=\"async\" loading=\"lazy\" src=\"https:\/\/ofei.esepf.pt\/wp-content\/uploads\/2024\/03\/image.png\" alt=\"\" class=\"wp-image-3802\" width=\"136\" height=\"68\"\/><\/a><\/figure>\n\n\n\n<p><\/p>\n","protected":false},"excerpt":{"rendered":"<p>Equipa da ESEPF: Ana Paula Gomes, Ana Pinheiro, Brigite Silva, Clara Craveiro e Sandra Faria Um projeto da&nbsp;Funda\u00e7\u00e3o F\u00e9 e Coopera\u00e7\u00e3o que pretende \u201crefor\u00e7ar as compet\u00eancias de profissionais, pais\/encarregados de educa\u00e7\u00e3o e das comunidades associadas aos 5 dom\u00ednios de cuidados integrados de prote\u00e7\u00e3o da crian\u00e7a do Desenvolvimento da Primeira Inf\u00e2ncia (DPI) Inclusivo\u201d: sa\u00fade, nutri\u00e7\u00e3o, cuidados [&hellip;]<\/p>\n","protected":false},"author":1,"featured_media":0,"comment_status":"closed","ping_status":"closed","sticky":false,"template":"","format":"standard","meta":{"_uag_custom_page_level_css":"","ghostkit_customizer_options":"","ghostkit_custom_css":"","ghostkit_custom_js_head":"","ghostkit_custom_js_foot":"","ghostkit_typography":"","cybocfi_hide_featured_image":""},"categories":[66],"tags":[],"uagb_featured_image_src":{"full":false,"thumbnail":false,"medium":false,"medium_large":false,"large":false,"thumblist":false,"meccarouselthumb":false,"gridsquare":false,"tileview":false,"1536x1536":false,"2048x2048":false},"uagb_author_info":{"display_name":"SGRI","author_link":"https:\/\/ofei.esepf.pt\/?author=1"},"uagb_comment_info":0,"uagb_excerpt":"Equipa da ESEPF: Ana Paula Gomes, Ana Pinheiro, Brigite Silva, Clara Craveiro e Sandra Faria Um projeto da&nbsp;Funda\u00e7\u00e3o F\u00e9 e Coopera\u00e7\u00e3o que pretende \u201crefor\u00e7ar as compet\u00eancias de profissionais, pais\/encarregados de educa\u00e7\u00e3o e das comunidades associadas aos 5 dom\u00ednios de cuidados integrados de prote\u00e7\u00e3o da crian\u00e7a do Desenvolvimento da Primeira Inf\u00e2ncia (DPI) Inclusivo\u201d: sa\u00fade, nutri\u00e7\u00e3o, cuidados&hellip;","_links":{"self":[{"href":"https:\/\/ofei.esepf.pt\/index.php?rest_route=\/wp\/v2\/posts\/3798"}],"collection":[{"href":"https:\/\/ofei.esepf.pt\/index.php?rest_route=\/wp\/v2\/posts"}],"about":[{"href":"https:\/\/ofei.esepf.pt\/index.php?rest_route=\/wp\/v2\/types\/post"}],"author":[{"embeddable":true,"href":"https:\/\/ofei.esepf.pt\/index.php?rest_route=\/wp\/v2\/users\/1"}],"replies":[{"embeddable":true,"href":"https:\/\/ofei.esepf.pt\/index.php?rest_route=%2Fwp%2Fv2%2Fcomments&post=3798"}],"version-history":[{"count":9,"href":"https:\/\/ofei.esepf.pt\/index.php?rest_route=\/wp\/v2\/posts\/3798\/revisions"}],"predecessor-version":[{"id":3842,"href":"https:\/\/ofei.esepf.pt\/index.php?rest_route=\/wp\/v2\/posts\/3798\/revisions\/3842"}],"wp:attachment":[{"href":"https:\/\/ofei.esepf.pt\/index.php?rest_route=%2Fwp%2Fv2%2Fmedia&parent=3798"}],"wp:term":[{"taxonomy":"category","embeddable":true,"href":"https:\/\/ofei.esepf.pt\/index.php?rest_route=%2Fwp%2Fv2%2Fcategories&post=3798"},{"taxonomy":"post_tag","embeddable":true,"href":"https:\/\/ofei.esepf.pt\/index.php?rest_route=%2Fwp%2Fv2%2Ftags&post=3798"}],"curies":[{"name":"wp","href":"https:\/\/api.w.org\/{rel}","templated":true}]}}