{"id":4023,"date":"2025-06-11T09:22:29","date_gmt":"2025-06-11T09:22:29","guid":{"rendered":"https:\/\/ofei.esepf.pt\/?p=4023"},"modified":"2025-12-02T08:20:06","modified_gmt":"2025-12-02T08:20:06","slug":"celebramos-o-dia-internacional-do-brincar-com-memorias-de-infancia","status":"publish","type":"post","link":"https:\/\/ofei.esepf.pt\/?p=4023","title":{"rendered":"CELEBRAMOS O DIA INTERNACIONAL DO BRINCAR COM MEM\u00d3RIAS DE INF\u00c2NCIA"},"content":{"rendered":"\n<p>No dia 11 de junho, a Escola Superior de Educa\u00e7\u00e3o de Paula Frassinetti (ESEPF), atrav\u00e9s do seu Observat\u00f3rio para o Futuro da Educa\u00e7\u00e3o de Inf\u00e2ncia (OFEI), une-se \u00e0 celebra\u00e7\u00e3o do Dia Internacional do Brincar, institu\u00eddo pela ONU.<\/p>\n\n\n\n<p>Este ano, a iniciativa convida educadores a partilharem as suas mem\u00f3rias de inf\u00e2ncia, completando a frase: &#8220;Na inf\u00e2ncia, a minha brincadeira preferida era&#8230;&#8221;. O objetivo \u00e9 valorizar o brincar como uma atividade essencial no desenvolvimento infantil e na forma\u00e7\u00e3o pessoal dos profissionais de educa\u00e7\u00e3o.<\/p>\n\n\n\n<p>A campanha pretende refor\u00e7ar a import\u00e2ncia do brincar como direito fundamental das crian\u00e7as, promovendo a reflex\u00e3o sobre as experi\u00eancias l\u00fadicas que marcam a inf\u00e2ncia e influenciam a pr\u00e1tica educativa.<\/p>\n\n\n\n<figure class=\"wp-block-embed is-type-video is-provider-youtube wp-block-embed-youtube wp-embed-aspect-16-9 wp-has-aspect-ratio\"><div class=\"wp-block-embed__wrapper\">\n<iframe loading=\"lazy\" title=\"Dia Internacional do Brincar: &quot;Na inf\u00e2ncia, a minha brincadeira preferida era...&quot;\" width=\"500\" height=\"281\" src=\"https:\/\/www.youtube.com\/embed\/TSIQXCwmzwY?feature=oembed\" frameborder=\"0\" allow=\"accelerometer; autoplay; clipboard-write; encrypted-media; gyroscope; picture-in-picture; web-share\" referrerpolicy=\"strict-origin-when-cross-origin\" allowfullscreen><\/iframe>\n<\/div><\/figure>\n","protected":false},"excerpt":{"rendered":"<p>No dia 11 de junho, a Escola Superior de Educa\u00e7\u00e3o de Paula Frassinetti (ESEPF), atrav\u00e9s do seu Observat\u00f3rio para o Futuro da Educa\u00e7\u00e3o de Inf\u00e2ncia (OFEI), une-se \u00e0 celebra\u00e7\u00e3o do Dia Internacional do Brincar, institu\u00eddo pela ONU. Este ano, a iniciativa convida educadores a partilharem as suas mem\u00f3rias de inf\u00e2ncia, completando a frase: &#8220;Na inf\u00e2ncia, [&hellip;]<\/p>\n","protected":false},"author":1,"featured_media":0,"comment_status":"closed","ping_status":"closed","sticky":false,"template":"","format":"standard","meta":{"_uag_custom_page_level_css":"","ghostkit_customizer_options":"","ghostkit_custom_css":"","ghostkit_custom_js_head":"","ghostkit_custom_js_foot":"","ghostkit_typography":"","cybocfi_hide_featured_image":""},"categories":[7,5,12],"tags":[],"uagb_featured_image_src":{"full":false,"thumbnail":false,"medium":false,"medium_large":false,"large":false,"thumblist":false,"meccarouselthumb":false,"gridsquare":false,"tileview":false,"1536x1536":false,"2048x2048":false},"uagb_author_info":{"display_name":"SGRI","author_link":"https:\/\/ofei.esepf.pt\/?author=1"},"uagb_comment_info":0,"uagb_excerpt":"No dia 11 de junho, a Escola Superior de Educa\u00e7\u00e3o de Paula Frassinetti (ESEPF), atrav\u00e9s do seu Observat\u00f3rio para o Futuro da Educa\u00e7\u00e3o de Inf\u00e2ncia (OFEI), une-se \u00e0 celebra\u00e7\u00e3o do Dia Internacional do Brincar, institu\u00eddo pela ONU. Este ano, a iniciativa convida educadores a partilharem as suas mem\u00f3rias de inf\u00e2ncia, completando a frase: &#8220;Na inf\u00e2ncia,&hellip;","_links":{"self":[{"href":"https:\/\/ofei.esepf.pt\/index.php?rest_route=\/wp\/v2\/posts\/4023"}],"collection":[{"href":"https:\/\/ofei.esepf.pt\/index.php?rest_route=\/wp\/v2\/posts"}],"about":[{"href":"https:\/\/ofei.esepf.pt\/index.php?rest_route=\/wp\/v2\/types\/post"}],"author":[{"embeddable":true,"href":"https:\/\/ofei.esepf.pt\/index.php?rest_route=\/wp\/v2\/users\/1"}],"replies":[{"embeddable":true,"href":"https:\/\/ofei.esepf.pt\/index.php?rest_route=%2Fwp%2Fv2%2Fcomments&post=4023"}],"version-history":[{"count":1,"href":"https:\/\/ofei.esepf.pt\/index.php?rest_route=\/wp\/v2\/posts\/4023\/revisions"}],"predecessor-version":[{"id":4024,"href":"https:\/\/ofei.esepf.pt\/index.php?rest_route=\/wp\/v2\/posts\/4023\/revisions\/4024"}],"wp:attachment":[{"href":"https:\/\/ofei.esepf.pt\/index.php?rest_route=%2Fwp%2Fv2%2Fmedia&parent=4023"}],"wp:term":[{"taxonomy":"category","embeddable":true,"href":"https:\/\/ofei.esepf.pt\/index.php?rest_route=%2Fwp%2Fv2%2Fcategories&post=4023"},{"taxonomy":"post_tag","embeddable":true,"href":"https:\/\/ofei.esepf.pt\/index.php?rest_route=%2Fwp%2Fv2%2Ftags&post=4023"}],"curies":[{"name":"wp","href":"https:\/\/api.w.org\/{rel}","templated":true}]}}